{"id":471,"date":"2022-07-24T10:02:11","date_gmt":"2022-07-24T10:02:11","guid":{"rendered":"https:\/\/carmengsomavilla.com\/?p=471"},"modified":"2022-09-20T07:17:15","modified_gmt":"2022-09-20T07:17:15","slug":"la-vidriera","status":"publish","type":"post","link":"https:\/\/carmengsomavilla.com\/index.php\/2022\/07\/24\/la-vidriera\/","title":{"rendered":"La Vidriera"},"content":{"rendered":"\t\t<div data-elementor-type=\"wp-post\" data-elementor-id=\"471\" class=\"elementor elementor-471\">\n\t\t\t\t\t\t<section class=\"elementor-section elementor-top-section elementor-element elementor-element-0a80f5c elementor-section-stretched elementor-section-boxed elementor-section-height-default elementor-section-height-default\" data-id=\"0a80f5c\" data-element_type=\"section\" data-settings=\"{&quot;stretch_section&quot;:&quot;section-stretched&quot;}\">\n\t\t\t\t\t\t<div class=\"elementor-container elementor-column-gap-default\">\n\t\t\t\t\t<div class=\"elementor-column elementor-col-100 elementor-top-column elementor-element elementor-element-df925f1\" data-id=\"df925f1\" data-element_type=\"column\">\n\t\t\t<div class=\"elementor-widget-wrap elementor-element-populated\">\n\t\t\t\t\t\t<div class=\"elementor-element elementor-element-d0e5240 elementor-widget__width-inherit elementor-widget elementor-widget-text-editor\" data-id=\"d0e5240\" data-element_type=\"widget\" data-widget_type=\"text-editor.default\">\n\t\t\t\t<div class=\"elementor-widget-container\">\n\t\t\t<style>\/*! elementor - v3.20.0 - 20-03-2024 *\/\n.elementor-widget-text-editor.elementor-drop-cap-view-stacked .elementor-drop-cap{background-color:#69727d;color:#fff}.elementor-widget-text-editor.elementor-drop-cap-view-framed .elementor-drop-cap{color:#69727d;border:3px solid;background-color:transparent}.elementor-widget-text-editor:not(.elementor-drop-cap-view-default) .elementor-drop-cap{margin-top:8px}.elementor-widget-text-editor:not(.elementor-drop-cap-view-default) .elementor-drop-cap-letter{width:1em;height:1em}.elementor-widget-text-editor .elementor-drop-cap{float:left;text-align:center;line-height:1;font-size:50px}.elementor-widget-text-editor .elementor-drop-cap-letter{display:inline-block}<\/style>\t\t\t\t<p><strong><a title=\"dise\u00f1o-grafico\" href=\"https:\/\/carmengsomavilla.com\/index.php\/ilustracion\/\">&lt;&lt; Ilustraci\u00f3n<\/a><\/strong><\/p>\t\t\t\t\t\t<\/div>\n\t\t\t\t<\/div>\n\t\t\t\t\t<\/div>\n\t\t<\/div>\n\t\t\t\t\t<\/div>\n\t\t<\/section>\n\t\t\t\t<section class=\"elementor-section elementor-top-section elementor-element elementor-element-794a607 elementor-section-stretched elementor-reverse-mobile elementor-section-boxed elementor-section-height-default elementor-section-height-default\" data-id=\"794a607\" data-element_type=\"section\" data-settings=\"{&quot;stretch_section&quot;:&quot;section-stretched&quot;}\">\n\t\t\t\t\t\t<div class=\"elementor-container elementor-column-gap-default\">\n\t\t\t\t\t<div class=\"elementor-column elementor-col-33 elementor-top-column elementor-element elementor-element-2bf7682 elementor-hidden-mobile\" data-id=\"2bf7682\" data-element_type=\"column\">\n\t\t\t<div class=\"elementor-widget-wrap elementor-element-populated\">\n\t\t\t\t\t\t<div class=\"elementor-element elementor-element-638c1b8 elementor-hidden-mobile elementor-widget elementor-widget-sidebar\" data-id=\"638c1b8\" data-element_type=\"widget\" data-widget_type=\"sidebar.default\">\n\t\t\t\t<div class=\"elementor-widget-container\">\n\t\t\t<aside id=\"block-21\" class=\"widget widget_block\">\n<div class=\"wp-block-group is-layout-flow wp-block-group-is-layout-flow\"><div class=\"wp-block-group__inner-container\">\n<pre class=\"wp-block-preformatted has-ast-global-color-7-color has-ast-global-color-5-background-color has-text-color has-background has-small-font-size\"><strong>Otros proyectos<\/strong>\n\n<a href=\"https:\/\/carmengsomavilla.com\/index.php\/2022\/09\/20\/verano-2022\/\">verano 2022<\/a>\n<a href=\"https:\/\/carmengsomavilla.com\/index.php\/2022\/07\/24\/jila-cultural\/\">Jila cultural<\/a>\n<a href=\"https:\/\/carmengsomavilla.com\/index.php\/2022\/08\/11\/6-relatos-portuarios\/\">Seis relatos portuarios<\/a>\n<a href=\"https:\/\/carmengsomavilla.com\/index.php\/2022\/07\/24\/daniel\/\">Daniel<\/a>\n<a href=\"https:\/\/carmengsomavilla.com\/index.php\/2022\/07\/24\/paisajes\/\">Paisajes<\/a>\n<a href=\"https:\/\/carmengsomavilla.com\/index.php\/2022\/07\/24\/preguntas-existenciales\/\">Preguntas existenciales<\/a>\n<a href=\"https:\/\/carmengsomavilla.com\/index.php\/2022\/07\/24\/diario-cairota\/\">Diario Cairota<\/a>\n<a href=\"https:\/\/carmengsomavilla.com\/index.php\/2022\/07\/24\/muerte\/\">Muerte<\/a>\n<a href=\"https:\/\/carmengsomavilla.com\/index.php\/2022\/07\/24\/cuarentena\/\">Cuarentena<\/a>\n<a href=\"https:\/\/carmengsomavilla.com\/index.php\/2022\/07\/24\/casitas\/\">Casitas<\/a>\n<a href=\"https:\/\/carmengsomavilla.com\/index.php\/2022\/07\/24\/poco-dos-negros\/\">Po\u00e7o dos negros<\/a>\n<a href=\"https:\/\/carmengsomavilla.com\/index.php\/2022\/07\/24\/la-vidriera\/\">La vidriera<\/a>\n<a href=\"https:\/\/carmengsomavilla.com\/index.php\/2022\/07\/24\/inktober\/\">Inktober<\/a>\n<a href=\"https:\/\/carmengsomavilla.com\/index.php\/2022\/07\/24\/donde-escapa-la-luz\/\">Donde escapa la luz<\/a>\n<a href=\"https:\/\/carmengsomavilla.com\/index.php\/2022\/07\/24\/flores-de-temporada\/\">Flores de temporada<\/a>\n<a href=\"https:\/\/carmengsomavilla.com\/index.php\/2022\/07\/24\/un-ano\/\">Un a\u00f1o<\/a>\n<a href=\"https:\/\/carmengsomavilla.com\/index.php\/2022\/08\/11\/carton-y-estraza-2\/\">Cart\u00f3n y estraza<\/a>\n<a href=\"https:\/\/carmengsomavilla.com\/index.php\/2022\/07\/24\/amberes\/\">Amberes<\/a>\n<a href=\"https:\/\/carmengsomavilla.com\/index.php\/2022\/07\/24\/acari\/\">Acari<\/a>\n<a href=\"https:\/\/carmengsomavilla.com\/index.php\/2022\/07\/24\/los-ilusos\/\">Los ilusos<\/a>\n<a href=\"https:\/\/carmengsomavilla.com\/index.php\/2022\/07\/24\/pequeno-rock-and-roll\/\">Peque\u00f1o Rock and Roll<\/a>\n<a href=\"https:\/\/carmengsomavilla.com\/index.php\/2022\/07\/24\/el-cuervo-mira-el-cuervo\/\">El cuervo mira el cuervo<\/a><\/pre>\n<\/div><\/div>\n<\/aside><aside id=\"block-25\" class=\"widget widget_block\">\n<div class=\"wp-block-columns alignfull is-layout-flex wp-container-core-columns-layout-1 wp-block-columns-is-layout-flex\">\n<div class=\"wp-block-column is-layout-flow wp-block-column-is-layout-flow\" style=\"flex-basis:100%\"><div class=\"widget widget_nav_menu\"><nav class=\"menu-legal-container\" aria-label=\"Men\u00fa\"><ul id=\"menu-legal\" class=\"menu\"><li id=\"menu-item-2427\" class=\"menu-item menu-item-type-post_type menu-item-object-wpautoterms_page menu-item-2427\"><a href=\"https:\/\/carmengsomavilla.com\/index.php\/wpautoterms\/politica-de-cookies\/\" class=\"menu-link\">Pol\u00edtica de Cookies<\/a><\/li>\n<li id=\"menu-item-2428\" class=\"menu-item menu-item-type-post_type menu-item-object-wpautoterms_page menu-item-2428\"><a href=\"https:\/\/carmengsomavilla.com\/index.php\/wpautoterms\/politica-privacidad\/\" class=\"menu-link\">Pol\u00edtica de privacidad<\/a><\/li>\n<\/ul><\/nav><\/div><\/div>\n<\/div>\n<\/aside>\t\t<\/div>\n\t\t\t\t<\/div>\n\t\t\t\t\t<\/div>\n\t\t<\/div>\n\t\t\t\t<div class=\"elementor-column elementor-col-33 elementor-top-column elementor-element elementor-element-d344730\" data-id=\"d344730\" data-element_type=\"column\">\n\t\t\t<div class=\"elementor-widget-wrap elementor-element-populated\">\n\t\t\t\t\t\t<div class=\"elementor-element elementor-element-c97fdeb elementor-widget elementor-widget-text-editor\" data-id=\"c97fdeb\" data-element_type=\"widget\" data-widget_type=\"text-editor.default\">\n\t\t\t\t<div class=\"elementor-widget-container\">\n\t\t\t\t\t\t\t<p><strong>La Vidriera.<\/strong><\/p><p>Camargo, 2020.<\/p><p>Serie de ilustraciones y dise\u00f1o de carteles elaborados para diferentes festejos celebrados por la Concejal\u00eda de Cultura del ayuntamiento de Camargo, durante la beca de colaboraci\u00f3n desarrollada en el Centro Cultural <a href=\"https:\/\/www.aytocamargo.es\/cultura-festejos\">La Vidriera<\/a>, entre noviembre de 2019 y julio de 2020.<\/p><p>Debido a la situaci\u00f3n sanitaria provocada por la pandemia del Covid-19, algunos de los carteles no pudieron salir a la luz, debido a la cancelaci\u00f3n de los eventos. En concreto, el cartel para las fiestas del Carmen en Revilla de Camargo. Tambi\u00e9n se elabora, posteriormente, una segunda propuesta de cartel ilustrado para el concurso de relatos cortos que no es oficial.<\/p>\t\t\t\t\t\t<\/div>\n\t\t\t\t<\/div>\n\t\t\t\t\t<\/div>\n\t\t<\/div>\n\t\t\t\t<div class=\"elementor-column elementor-col-33 elementor-top-column elementor-element elementor-element-3d1a0d8\" data-id=\"3d1a0d8\" data-element_type=\"column\">\n\t\t\t<div class=\"elementor-widget-wrap elementor-element-populated\">\n\t\t\t\t\t\t<div class=\"elementor-element elementor-element-fc05b9f elementor-widget elementor-widget-image\" data-id=\"fc05b9f\" data-element_type=\"widget\" data-widget_type=\"image.default\">\n\t\t\t\t<div class=\"elementor-widget-container\">\n\t\t\t<style>\/*! elementor - v3.20.0 - 20-03-2024 *\/\n.elementor-widget-image{text-align:center}.elementor-widget-image a{display:inline-block}.elementor-widget-image a img[src$=\".svg\"]{width:48px}.elementor-widget-image img{vertical-align:middle;display:inline-block}<\/style>\t\t\t\t\t\t\t\t\t\t\t<a href=\"https:\/\/carmengsomavilla.com\/wp-content\/uploads\/2022\/07\/01.-Carnaval.png\" data-elementor-open-lightbox=\"yes\" data-elementor-lightbox-title=\"Carnaval\" data-e-action-hash=\"#elementor-action%3Aaction%3Dlightbox%26settings%3DeyJpZCI6Njk3LCJ1cmwiOiJodHRwczpcL1wvY2FybWVuZ3NvbWF2aWxsYS5jb21cL3dwLWNvbnRlbnRcL3VwbG9hZHNcLzIwMjJcLzA3XC8wMS4tQ2FybmF2YWwucG5nIn0%3D\">\n\t\t\t\t\t\t\t<img fetchpriority=\"high\" decoding=\"async\" width=\"709\" height=\"1024\" src=\"https:\/\/carmengsomavilla.com\/wp-content\/uploads\/2022\/07\/01.-Carnaval-709x1024.png\" class=\"attachment-large size-large wp-image-697\" alt=\"\" srcset=\"https:\/\/carmengsomavilla.com\/wp-content\/uploads\/2022\/07\/01.-Carnaval-709x1024.png 709w, https:\/\/carmengsomavilla.com\/wp-content\/uploads\/2022\/07\/01.-Carnaval-208x300.png 208w, https:\/\/carmengsomavilla.com\/wp-content\/uploads\/2022\/07\/01.-Carnaval-768x1110.png 768w, https:\/\/carmengsomavilla.com\/wp-content\/uploads\/2022\/07\/01.-Carnaval-1063x1536.png 1063w, https:\/\/carmengsomavilla.com\/wp-content\/uploads\/2022\/07\/01.-Carnaval-1418x2048.png 1418w\" sizes=\"(max-width: 709px) 100vw, 709px\" \/>\t\t\t\t\t\t\t\t<\/a>\n\t\t\t\t\t\t\t\t\t\t\t\t\t<\/div>\n\t\t\t\t<\/div>\n\t\t\t\t\t<\/div>\n\t\t<\/div>\n\t\t\t\t\t<\/div>\n\t\t<\/section>\n\t\t\t\t<section class=\"elementor-section elementor-top-section elementor-element elementor-element-454a9de elementor-section-stretched elementor-section-boxed elementor-section-height-default elementor-section-height-default\" data-id=\"454a9de\" data-element_type=\"section\" data-settings=\"{&quot;stretch_section&quot;:&quot;section-stretched&quot;}\">\n\t\t\t\t\t\t<div class=\"elementor-container elementor-column-gap-default\">\n\t\t\t\t\t<div class=\"elementor-column elementor-col-100 elementor-top-column elementor-element elementor-element-9c4648c\" data-id=\"9c4648c\" data-element_type=\"column\">\n\t\t\t<div class=\"elementor-widget-wrap elementor-element-populated\">\n\t\t\t\t\t\t<div class=\"elementor-element elementor-element-6cf14b6 gallery-spacing-custom elementor-widget elementor-widget-image-gallery\" data-id=\"6cf14b6\" data-element_type=\"widget\" data-widget_type=\"image-gallery.default\">\n\t\t\t\t<div class=\"elementor-widget-container\">\n\t\t\t<style>\/*! elementor - v3.20.0 - 20-03-2024 *\/\n.elementor-image-gallery .gallery-item{display:inline-block;text-align:center;vertical-align:top;width:100%;max-width:100%;margin:0 auto}.elementor-image-gallery .gallery-item img{margin:0 auto}.elementor-image-gallery .gallery-item .gallery-caption{margin:0}.elementor-image-gallery figure img{display:block}.elementor-image-gallery figure figcaption{width:100%}.gallery-spacing-custom .elementor-image-gallery .gallery-icon{padding:0}@media (min-width:768px){.elementor-image-gallery .gallery-columns-2 .gallery-item{max-width:50%}.elementor-image-gallery .gallery-columns-3 .gallery-item{max-width:33.33%}.elementor-image-gallery .gallery-columns-4 .gallery-item{max-width:25%}.elementor-image-gallery .gallery-columns-5 .gallery-item{max-width:20%}.elementor-image-gallery .gallery-columns-6 .gallery-item{max-width:16.666%}.elementor-image-gallery .gallery-columns-7 .gallery-item{max-width:14.28%}.elementor-image-gallery .gallery-columns-8 .gallery-item{max-width:12.5%}.elementor-image-gallery .gallery-columns-9 .gallery-item{max-width:11.11%}.elementor-image-gallery .gallery-columns-10 .gallery-item{max-width:10%}}@media (min-width:480px) and (max-width:767px){.elementor-image-gallery .gallery.gallery-columns-2 .gallery-item,.elementor-image-gallery .gallery.gallery-columns-3 .gallery-item,.elementor-image-gallery .gallery.gallery-columns-4 .gallery-item,.elementor-image-gallery .gallery.gallery-columns-5 .gallery-item,.elementor-image-gallery .gallery.gallery-columns-6 .gallery-item,.elementor-image-gallery .gallery.gallery-columns-7 .gallery-item,.elementor-image-gallery .gallery.gallery-columns-8 .gallery-item,.elementor-image-gallery .gallery.gallery-columns-9 .gallery-item,.elementor-image-gallery .gallery.gallery-columns-10 .gallery-item{max-width:50%}}@media (max-width:479px){.elementor-image-gallery .gallery.gallery-columns-2 .gallery-item,.elementor-image-gallery .gallery.gallery-columns-3 .gallery-item,.elementor-image-gallery .gallery.gallery-columns-4 .gallery-item,.elementor-image-gallery .gallery.gallery-columns-5 .gallery-item,.elementor-image-gallery .gallery.gallery-columns-6 .gallery-item,.elementor-image-gallery .gallery.gallery-columns-7 .gallery-item,.elementor-image-gallery .gallery.gallery-columns-8 .gallery-item,.elementor-image-gallery .gallery.gallery-columns-9 .gallery-item,.elementor-image-gallery .gallery.gallery-columns-10 .gallery-item{max-width:100%}}<\/style>\t\t<div class=\"elementor-image-gallery\">\n\t\t\t<div id='gallery-1' class='gallery galleryid-471 gallery-columns-6 gallery-size-thumbnail'><figure class='gallery-item'>\n\t\t\t<div class='gallery-icon portrait'>\n\t\t\t\t<a data-elementor-open-lightbox=\"yes\" data-elementor-lightbox-slideshow=\"6cf14b6\" data-elementor-lightbox-title=\"Relatos cortos\" data-e-action-hash=\"#elementor-action%3Aaction%3Dlightbox%26settings%3DeyJpZCI6MTc3NSwidXJsIjoiaHR0cHM6XC9cL2Nhcm1lbmdzb21hdmlsbGEuY29tXC93cC1jb250ZW50XC91cGxvYWRzXC8yMDIyXC8wN1wvY2FydGVsXzAyLTEuanBnIiwic2xpZGVzaG93IjoiNmNmMTRiNiJ9\" href='https:\/\/carmengsomavilla.com\/wp-content\/uploads\/2022\/07\/cartel_02-1.jpg'><img decoding=\"async\" width=\"150\" height=\"150\" src=\"https:\/\/carmengsomavilla.com\/wp-content\/uploads\/2022\/07\/cartel_02-1-150x150.jpg\" class=\"attachment-thumbnail size-thumbnail\" alt=\"\" \/><\/a>\n\t\t\t<\/div><\/figure><figure class='gallery-item'>\n\t\t\t<div class='gallery-icon portrait'>\n\t\t\t\t<a data-elementor-open-lightbox=\"yes\" data-elementor-lightbox-slideshow=\"6cf14b6\" data-elementor-lightbox-title=\"Relatos cortos II\" data-e-action-hash=\"#elementor-action%3Aaction%3Dlightbox%26settings%3DeyJpZCI6MTc3NiwidXJsIjoiaHR0cHM6XC9cL2Nhcm1lbmdzb21hdmlsbGEuY29tXC93cC1jb250ZW50XC91cGxvYWRzXC8yMDIyXC8wN1wvY2FydGVsXzAzLmpwZyIsInNsaWRlc2hvdyI6IjZjZjE0YjYifQ%3D%3D\" href='https:\/\/carmengsomavilla.com\/wp-content\/uploads\/2022\/07\/cartel_03.jpg'><img decoding=\"async\" width=\"150\" height=\"150\" src=\"https:\/\/carmengsomavilla.com\/wp-content\/uploads\/2022\/07\/cartel_03-150x150.jpg\" class=\"attachment-thumbnail size-thumbnail\" alt=\"\" \/><\/a>\n\t\t\t<\/div><\/figure><figure class='gallery-item'>\n\t\t\t<div class='gallery-icon landscape'>\n\t\t\t\t<a data-elementor-open-lightbox=\"yes\" data-elementor-lightbox-slideshow=\"6cf14b6\" data-elementor-lightbox-title=\"Escuela de m\u00fasica\" data-e-action-hash=\"#elementor-action%3Aaction%3Dlightbox%26settings%3DeyJpZCI6MTc3NywidXJsIjoiaHR0cHM6XC9cL2Nhcm1lbmdzb21hdmlsbGEuY29tXC93cC1jb250ZW50XC91cGxvYWRzXC8yMDIyXC8wN1wvY2FydGVsXzA0LmpwZyIsInNsaWRlc2hvdyI6IjZjZjE0YjYifQ%3D%3D\" href='https:\/\/carmengsomavilla.com\/wp-content\/uploads\/2022\/07\/cartel_04.jpg'><img loading=\"lazy\" decoding=\"async\" width=\"150\" height=\"150\" src=\"https:\/\/carmengsomavilla.com\/wp-content\/uploads\/2022\/07\/cartel_04-150x150.jpg\" class=\"attachment-thumbnail size-thumbnail\" alt=\"\" \/><\/a>\n\t\t\t<\/div><\/figure><figure class='gallery-item'>\n\t\t\t<div class='gallery-icon portrait'>\n\t\t\t\t<a data-elementor-open-lightbox=\"yes\" data-elementor-lightbox-slideshow=\"6cf14b6\" data-elementor-lightbox-title=\"Oto\u00f1o de teatro\" data-e-action-hash=\"#elementor-action%3Aaction%3Dlightbox%26settings%3DeyJpZCI6MTc3NCwidXJsIjoiaHR0cHM6XC9cL2Nhcm1lbmdzb21hdmlsbGEuY29tXC93cC1jb250ZW50XC91cGxvYWRzXC8yMDIyXC8wN1wvY2FydGVsXzAxLmpwZyIsInNsaWRlc2hvdyI6IjZjZjE0YjYifQ%3D%3D\" href='https:\/\/carmengsomavilla.com\/wp-content\/uploads\/2022\/07\/cartel_01.jpg'><img loading=\"lazy\" decoding=\"async\" width=\"150\" height=\"150\" src=\"https:\/\/carmengsomavilla.com\/wp-content\/uploads\/2022\/07\/cartel_01-150x150.jpg\" class=\"attachment-thumbnail size-thumbnail\" alt=\"\" \/><\/a>\n\t\t\t<\/div><\/figure><figure class='gallery-item'>\n\t\t\t<div class='gallery-icon landscape'>\n\t\t\t\t<a data-elementor-open-lightbox=\"yes\" data-elementor-lightbox-slideshow=\"6cf14b6\" data-elementor-lightbox-title=\"Cursos\" data-e-action-hash=\"#elementor-action%3Aaction%3Dlightbox%26settings%3DeyJpZCI6MTc3OSwidXJsIjoiaHR0cHM6XC9cL2Nhcm1lbmdzb21hdmlsbGEuY29tXC93cC1jb250ZW50XC91cGxvYWRzXC8yMDIyXC8wN1wvY2FydGVsXzA2LmpwZyIsInNsaWRlc2hvdyI6IjZjZjE0YjYifQ%3D%3D\" href='https:\/\/carmengsomavilla.com\/wp-content\/uploads\/2022\/07\/cartel_06.jpg'><img loading=\"lazy\" decoding=\"async\" width=\"150\" height=\"150\" src=\"https:\/\/carmengsomavilla.com\/wp-content\/uploads\/2022\/07\/cartel_06-150x150.jpg\" class=\"attachment-thumbnail size-thumbnail\" alt=\"\" srcset=\"https:\/\/carmengsomavilla.com\/wp-content\/uploads\/2022\/07\/cartel_06-150x150.jpg 150w, https:\/\/carmengsomavilla.com\/wp-content\/uploads\/2022\/07\/cartel_06-300x300.jpg 300w, https:\/\/carmengsomavilla.com\/wp-content\/uploads\/2022\/07\/cartel_06.jpg 720w\" sizes=\"(max-width: 150px) 100vw, 150px\" \/><\/a>\n\t\t\t<\/div><\/figure><figure class='gallery-item'>\n\t\t\t<div class='gallery-icon portrait'>\n\t\t\t\t<a data-elementor-open-lightbox=\"yes\" data-elementor-lightbox-slideshow=\"6cf14b6\" data-elementor-lightbox-title=\"Virgen del Carmen\" data-e-action-hash=\"#elementor-action%3Aaction%3Dlightbox%26settings%3DeyJpZCI6MTc3OCwidXJsIjoiaHR0cHM6XC9cL2Nhcm1lbmdzb21hdmlsbGEuY29tXC93cC1jb250ZW50XC91cGxvYWRzXC8yMDIyXC8wN1wvY2FydGVsXzA1LmpwZyIsInNsaWRlc2hvdyI6IjZjZjE0YjYifQ%3D%3D\" href='https:\/\/carmengsomavilla.com\/wp-content\/uploads\/2022\/07\/cartel_05.jpg'><img loading=\"lazy\" decoding=\"async\" width=\"150\" height=\"150\" src=\"https:\/\/carmengsomavilla.com\/wp-content\/uploads\/2022\/07\/cartel_05-150x150.jpg\" class=\"attachment-thumbnail size-thumbnail\" alt=\"\" \/><\/a>\n\t\t\t<\/div><\/figure>\n\t\t<\/div>\n\t\t<\/div>\n\t\t\t\t<\/div>\n\t\t\t\t<\/div>\n\t\t\t\t\t<\/div>\n\t\t<\/div>\n\t\t\t\t\t<\/div>\n\t\t<\/section>\n\t\t\t\t<\/div>\n\t\t","protected":false},"excerpt":{"rendered":"<p>&lt;&lt; Ilustraci\u00f3n La Vidriera. Camargo, 2020. Serie de ilustraciones y dise\u00f1o de carteles elaborados para diferentes festejos celebrados por la Concejal\u00eda de Cultura del ayuntamiento de Camargo, durante la beca de colaboraci\u00f3n desarrollada en el Centro Cultural La Vidriera, entre noviembre de 2019 y julio de 2020. Debido a la situaci\u00f3n sanitaria provocada por la &hellip;<\/p>\n<p class=\"read-more\"> <a class=\"\" href=\"https:\/\/carmengsomavilla.com\/index.php\/2022\/07\/24\/la-vidriera\/\"> <span class=\"screen-reader-text\">La Vidriera<\/span> Leer m\u00e1s &raquo;<\/a><\/p>\n","protected":false},"author":1,"featured_media":0,"comment_status":"closed","ping_status":"closed","sticky":false,"template":"elementor_header_footer","format":"standard","meta":{"om_disable_all_campaigns":false,"_monsterinsights_skip_tracking":false,"_monsterinsights_sitenote_active":false,"_monsterinsights_sitenote_note":"","_monsterinsights_sitenote_category":0,"site-sidebar-layout":"default","site-content-layout":"default","ast-main-header-display":"","ast-hfb-above-header-display":"","ast-hfb-below-header-display":"","ast-hfb-mobile-header-display":"","site-post-title":"","ast-breadcrumbs-content":"","ast-featured-img":"","footer-sml-layout":"","theme-transparent-header-meta":"","adv-header-id-meta":"","stick-header-meta":"","header-above-stick-meta":"","header-main-stick-meta":"","header-below-stick-meta":"","footnotes":""},"categories":[1],"tags":[],"aioseo_notices":[],"_links":{"self":[{"href":"https:\/\/carmengsomavilla.com\/index.php\/wp-json\/wp\/v2\/posts\/471"}],"collection":[{"href":"https:\/\/carmengsomavilla.com\/index.php\/wp-json\/wp\/v2\/posts"}],"about":[{"href":"https:\/\/carmengsomavilla.com\/index.php\/wp-json\/wp\/v2\/types\/post"}],"author":[{"embeddable":true,"href":"https:\/\/carmengsomavilla.com\/index.php\/wp-json\/wp\/v2\/users\/1"}],"replies":[{"embeddable":true,"href":"https:\/\/carmengsomavilla.com\/index.php\/wp-json\/wp\/v2\/comments?post=471"}],"version-history":[{"count":25,"href":"https:\/\/carmengsomavilla.com\/index.php\/wp-json\/wp\/v2\/posts\/471\/revisions"}],"predecessor-version":[{"id":2314,"href":"https:\/\/carmengsomavilla.com\/index.php\/wp-json\/wp\/v2\/posts\/471\/revisions\/2314"}],"wp:attachment":[{"href":"https:\/\/carmengsomavilla.com\/index.php\/wp-json\/wp\/v2\/media?parent=471"}],"wp:term":[{"taxonomy":"category","embeddable":true,"href":"https:\/\/carmengsomavilla.com\/index.php\/wp-json\/wp\/v2\/categories?post=471"},{"taxonomy":"post_tag","embeddable":true,"href":"https:\/\/carmengsomavilla.com\/index.php\/wp-json\/wp\/v2\/tags?post=471"}],"curies":[{"name":"wp","href":"https:\/\/api.w.org\/{rel}","templated":true}]}}