{"id":475,"date":"2022-07-24T10:05:11","date_gmt":"2022-07-24T10:05:11","guid":{"rendered":"https:\/\/carmengsomavilla.com\/?p=475"},"modified":"2022-09-20T07:13:08","modified_gmt":"2022-09-20T07:13:08","slug":"muerte","status":"publish","type":"post","link":"https:\/\/carmengsomavilla.com\/index.php\/2022\/07\/24\/muerte\/","title":{"rendered":"Muerte"},"content":{"rendered":"\t\t<div data-elementor-type=\"wp-post\" data-elementor-id=\"475\" class=\"elementor elementor-475\">\n\t\t\t\t\t\t<section class=\"elementor-section elementor-top-section elementor-element elementor-element-61ac2b0 elementor-section-stretched elementor-section-boxed elementor-section-height-default elementor-section-height-default\" data-id=\"61ac2b0\" data-element_type=\"section\" data-settings=\"{&quot;stretch_section&quot;:&quot;section-stretched&quot;}\">\n\t\t\t\t\t\t<div class=\"elementor-container elementor-column-gap-default\">\n\t\t\t\t\t<div class=\"elementor-column elementor-col-100 elementor-top-column elementor-element elementor-element-42d8c0d\" data-id=\"42d8c0d\" data-element_type=\"column\">\n\t\t\t<div class=\"elementor-widget-wrap elementor-element-populated\">\n\t\t\t\t\t\t<div class=\"elementor-element elementor-element-9c41537 elementor-widget__width-inherit elementor-widget elementor-widget-text-editor\" data-id=\"9c41537\" data-element_type=\"widget\" data-widget_type=\"text-editor.default\">\n\t\t\t\t<div class=\"elementor-widget-container\">\n\t\t\t<style>\/*! elementor - v3.20.0 - 20-03-2024 *\/\n.elementor-widget-text-editor.elementor-drop-cap-view-stacked .elementor-drop-cap{background-color:#69727d;color:#fff}.elementor-widget-text-editor.elementor-drop-cap-view-framed .elementor-drop-cap{color:#69727d;border:3px solid;background-color:transparent}.elementor-widget-text-editor:not(.elementor-drop-cap-view-default) .elementor-drop-cap{margin-top:8px}.elementor-widget-text-editor:not(.elementor-drop-cap-view-default) .elementor-drop-cap-letter{width:1em;height:1em}.elementor-widget-text-editor .elementor-drop-cap{float:left;text-align:center;line-height:1;font-size:50px}.elementor-widget-text-editor .elementor-drop-cap-letter{display:inline-block}<\/style>\t\t\t\t<p><strong><a title=\"dise\u00f1o-grafico\" href=\"https:\/\/carmengsomavilla.com\/index.php\/ilustracion\/\">&lt;&lt; Ilustraci\u00f3n<\/a><\/strong><\/p>\t\t\t\t\t\t<\/div>\n\t\t\t\t<\/div>\n\t\t\t\t\t<\/div>\n\t\t<\/div>\n\t\t\t\t\t<\/div>\n\t\t<\/section>\n\t\t\t\t<section class=\"elementor-section elementor-top-section elementor-element elementor-element-182016b elementor-section-stretched elementor-reverse-mobile elementor-section-boxed elementor-section-height-default elementor-section-height-default\" data-id=\"182016b\" data-element_type=\"section\" data-settings=\"{&quot;stretch_section&quot;:&quot;section-stretched&quot;}\">\n\t\t\t\t\t\t<div class=\"elementor-container elementor-column-gap-default\">\n\t\t\t\t\t<div class=\"elementor-column elementor-col-33 elementor-top-column elementor-element elementor-element-d7283e9 elementor-hidden-mobile\" data-id=\"d7283e9\" data-element_type=\"column\">\n\t\t\t<div class=\"elementor-widget-wrap elementor-element-populated\">\n\t\t\t\t\t\t<div class=\"elementor-element elementor-element-634b85a elementor-widget elementor-widget-sidebar\" data-id=\"634b85a\" data-element_type=\"widget\" data-widget_type=\"sidebar.default\">\n\t\t\t\t<div class=\"elementor-widget-container\">\n\t\t\t<aside id=\"block-21\" class=\"widget widget_block\">\n<div class=\"wp-block-group is-layout-flow wp-block-group-is-layout-flow\"><div class=\"wp-block-group__inner-container\">\n<pre class=\"wp-block-preformatted has-ast-global-color-7-color has-ast-global-color-5-background-color has-text-color has-background has-small-font-size\"><strong>Otros proyectos<\/strong>\n\n<a href=\"https:\/\/carmengsomavilla.com\/index.php\/2022\/09\/20\/verano-2022\/\">verano 2022<\/a>\n<a href=\"https:\/\/carmengsomavilla.com\/index.php\/2022\/07\/24\/jila-cultural\/\">Jila cultural<\/a>\n<a href=\"https:\/\/carmengsomavilla.com\/index.php\/2022\/08\/11\/6-relatos-portuarios\/\">Seis relatos portuarios<\/a>\n<a href=\"https:\/\/carmengsomavilla.com\/index.php\/2022\/07\/24\/daniel\/\">Daniel<\/a>\n<a href=\"https:\/\/carmengsomavilla.com\/index.php\/2022\/07\/24\/paisajes\/\">Paisajes<\/a>\n<a href=\"https:\/\/carmengsomavilla.com\/index.php\/2022\/07\/24\/preguntas-existenciales\/\">Preguntas existenciales<\/a>\n<a href=\"https:\/\/carmengsomavilla.com\/index.php\/2022\/07\/24\/diario-cairota\/\">Diario Cairota<\/a>\n<a href=\"https:\/\/carmengsomavilla.com\/index.php\/2022\/07\/24\/muerte\/\">Muerte<\/a>\n<a href=\"https:\/\/carmengsomavilla.com\/index.php\/2022\/07\/24\/cuarentena\/\">Cuarentena<\/a>\n<a href=\"https:\/\/carmengsomavilla.com\/index.php\/2022\/07\/24\/casitas\/\">Casitas<\/a>\n<a href=\"https:\/\/carmengsomavilla.com\/index.php\/2022\/07\/24\/poco-dos-negros\/\">Po\u00e7o dos negros<\/a>\n<a href=\"https:\/\/carmengsomavilla.com\/index.php\/2022\/07\/24\/la-vidriera\/\">La vidriera<\/a>\n<a href=\"https:\/\/carmengsomavilla.com\/index.php\/2022\/07\/24\/inktober\/\">Inktober<\/a>\n<a href=\"https:\/\/carmengsomavilla.com\/index.php\/2022\/07\/24\/donde-escapa-la-luz\/\">Donde escapa la luz<\/a>\n<a href=\"https:\/\/carmengsomavilla.com\/index.php\/2022\/07\/24\/flores-de-temporada\/\">Flores de temporada<\/a>\n<a href=\"https:\/\/carmengsomavilla.com\/index.php\/2022\/07\/24\/un-ano\/\">Un a\u00f1o<\/a>\n<a href=\"https:\/\/carmengsomavilla.com\/index.php\/2022\/08\/11\/carton-y-estraza-2\/\">Cart\u00f3n y estraza<\/a>\n<a href=\"https:\/\/carmengsomavilla.com\/index.php\/2022\/07\/24\/amberes\/\">Amberes<\/a>\n<a href=\"https:\/\/carmengsomavilla.com\/index.php\/2022\/07\/24\/acari\/\">Acari<\/a>\n<a href=\"https:\/\/carmengsomavilla.com\/index.php\/2022\/07\/24\/los-ilusos\/\">Los ilusos<\/a>\n<a href=\"https:\/\/carmengsomavilla.com\/index.php\/2022\/07\/24\/pequeno-rock-and-roll\/\">Peque\u00f1o Rock and Roll<\/a>\n<a href=\"https:\/\/carmengsomavilla.com\/index.php\/2022\/07\/24\/el-cuervo-mira-el-cuervo\/\">El cuervo mira el cuervo<\/a><\/pre>\n<\/div><\/div>\n<\/aside><aside id=\"block-25\" class=\"widget widget_block\">\n<div class=\"wp-block-columns alignfull is-layout-flex wp-container-core-columns-layout-1 wp-block-columns-is-layout-flex\">\n<div class=\"wp-block-column is-layout-flow wp-block-column-is-layout-flow\" style=\"flex-basis:100%\"><div class=\"widget widget_nav_menu\"><nav class=\"menu-legal-container\" aria-label=\"Men\u00fa\"><ul id=\"menu-legal\" class=\"menu\"><li id=\"menu-item-2427\" class=\"menu-item menu-item-type-post_type menu-item-object-wpautoterms_page menu-item-2427\"><a href=\"https:\/\/carmengsomavilla.com\/index.php\/wpautoterms\/politica-de-cookies\/\" class=\"menu-link\">Pol\u00edtica de Cookies<\/a><\/li>\n<li id=\"menu-item-2428\" class=\"menu-item menu-item-type-post_type menu-item-object-wpautoterms_page menu-item-2428\"><a href=\"https:\/\/carmengsomavilla.com\/index.php\/wpautoterms\/politica-privacidad\/\" class=\"menu-link\">Pol\u00edtica de privacidad<\/a><\/li>\n<\/ul><\/nav><\/div><\/div>\n<\/div>\n<\/aside>\t\t<\/div>\n\t\t\t\t<\/div>\n\t\t\t\t\t<\/div>\n\t\t<\/div>\n\t\t\t\t<div class=\"elementor-column elementor-col-33 elementor-top-column elementor-element elementor-element-d3264a3\" data-id=\"d3264a3\" data-element_type=\"column\">\n\t\t\t<div class=\"elementor-widget-wrap elementor-element-populated\">\n\t\t\t\t\t\t<div class=\"elementor-element elementor-element-7b6a3a1 elementor-widget elementor-widget-text-editor\" data-id=\"7b6a3a1\" data-element_type=\"widget\" data-widget_type=\"text-editor.default\">\n\t\t\t\t<div class=\"elementor-widget-container\">\n\t\t\t\t\t\t\t<p><strong>Muerte.<\/strong><\/p><p>Santander, 2020.<\/p><p>Ilustraci\u00f3n realizada con t\u00e9cnica tradicional de grafito, como contribuci\u00f3n al fanzine colectivo <a href=\"https:\/\/www.instagram.com\/p\/CDJsJowhPa9\/\"><em>Muerte<\/em><\/a> de la Asociaci\u00f3n <a href=\"https:\/\/www.instagram.com\/asoculturabasura\/\">Cultura Basura<\/a> de Santander, al finalizar la cuarentena causada por la pandemia de la Covid-19.<\/p>\t\t\t\t\t\t<\/div>\n\t\t\t\t<\/div>\n\t\t\t\t\t<\/div>\n\t\t<\/div>\n\t\t\t\t<div class=\"elementor-column elementor-col-33 elementor-top-column elementor-element elementor-element-ed8b9bd\" data-id=\"ed8b9bd\" data-element_type=\"column\">\n\t\t\t<div class=\"elementor-widget-wrap elementor-element-populated\">\n\t\t\t\t\t\t<div class=\"elementor-element elementor-element-a52545e elementor-widget elementor-widget-image\" data-id=\"a52545e\" data-element_type=\"widget\" data-widget_type=\"image.default\">\n\t\t\t\t<div class=\"elementor-widget-container\">\n\t\t\t<style>\/*! elementor - v3.20.0 - 20-03-2024 *\/\n.elementor-widget-image{text-align:center}.elementor-widget-image a{display:inline-block}.elementor-widget-image a img[src$=\".svg\"]{width:48px}.elementor-widget-image img{vertical-align:middle;display:inline-block}<\/style>\t\t\t\t\t\t\t\t\t\t<img fetchpriority=\"high\" decoding=\"async\" width=\"707\" height=\"1024\" src=\"https:\/\/carmengsomavilla.com\/wp-content\/uploads\/2022\/07\/Vanitas_Memento_texto-707x1024.jpg\" class=\"attachment-large size-large wp-image-606\" alt=\"\" srcset=\"https:\/\/carmengsomavilla.com\/wp-content\/uploads\/2022\/07\/Vanitas_Memento_texto-707x1024.jpg 707w, https:\/\/carmengsomavilla.com\/wp-content\/uploads\/2022\/07\/Vanitas_Memento_texto-207x300.jpg 207w, https:\/\/carmengsomavilla.com\/wp-content\/uploads\/2022\/07\/Vanitas_Memento_texto-768x1112.jpg 768w, https:\/\/carmengsomavilla.com\/wp-content\/uploads\/2022\/07\/Vanitas_Memento_texto-1061x1536.jpg 1061w, https:\/\/carmengsomavilla.com\/wp-content\/uploads\/2022\/07\/Vanitas_Memento_texto-1415x2048.jpg 1415w, https:\/\/carmengsomavilla.com\/wp-content\/uploads\/2022\/07\/Vanitas_Memento_texto.jpg 1713w\" sizes=\"(max-width: 707px) 100vw, 707px\" \/>\t\t\t\t\t\t\t\t\t\t\t\t\t<\/div>\n\t\t\t\t<\/div>\n\t\t\t\t\t<\/div>\n\t\t<\/div>\n\t\t\t\t\t<\/div>\n\t\t<\/section>\n\t\t\t\t<\/div>\n\t\t","protected":false},"excerpt":{"rendered":"<p>&lt;&lt; Ilustraci\u00f3n Muerte. Santander, 2020. Ilustraci\u00f3n realizada con t\u00e9cnica tradicional de grafito, como contribuci\u00f3n al fanzine colectivo Muerte de la Asociaci\u00f3n Cultura Basura de Santander, al finalizar la cuarentena causada por la pandemia de la Covid-19.<\/p>\n","protected":false},"author":1,"featured_media":0,"comment_status":"closed","ping_status":"closed","sticky":false,"template":"elementor_header_footer","format":"standard","meta":{"om_disable_all_campaigns":false,"_monsterinsights_skip_tracking":false,"_monsterinsights_sitenote_active":false,"_monsterinsights_sitenote_note":"","_monsterinsights_sitenote_category":0,"site-sidebar-layout":"default","site-content-layout":"default","ast-main-header-display":"","ast-hfb-above-header-display":"","ast-hfb-below-header-display":"","ast-hfb-mobile-header-display":"","site-post-title":"","ast-breadcrumbs-content":"","ast-featured-img":"","footer-sml-layout":"","theme-transparent-header-meta":"","adv-header-id-meta":"","stick-header-meta":"","header-above-stick-meta":"","header-main-stick-meta":"","header-below-stick-meta":"","footnotes":""},"categories":[1],"tags":[],"aioseo_notices":[],"_links":{"self":[{"href":"https:\/\/carmengsomavilla.com\/index.php\/wp-json\/wp\/v2\/posts\/475"}],"collection":[{"href":"https:\/\/carmengsomavilla.com\/index.php\/wp-json\/wp\/v2\/posts"}],"about":[{"href":"https:\/\/carmengsomavilla.com\/index.php\/wp-json\/wp\/v2\/types\/post"}],"author":[{"embeddable":true,"href":"https:\/\/carmengsomavilla.com\/index.php\/wp-json\/wp\/v2\/users\/1"}],"replies":[{"embeddable":true,"href":"https:\/\/carmengsomavilla.com\/index.php\/wp-json\/wp\/v2\/comments?post=475"}],"version-history":[{"count":19,"href":"https:\/\/carmengsomavilla.com\/index.php\/wp-json\/wp\/v2\/posts\/475\/revisions"}],"predecessor-version":[{"id":2311,"href":"https:\/\/carmengsomavilla.com\/index.php\/wp-json\/wp\/v2\/posts\/475\/revisions\/2311"}],"wp:attachment":[{"href":"https:\/\/carmengsomavilla.com\/index.php\/wp-json\/wp\/v2\/media?parent=475"}],"wp:term":[{"taxonomy":"category","embeddable":true,"href":"https:\/\/carmengsomavilla.com\/index.php\/wp-json\/wp\/v2\/categories?post=475"},{"taxonomy":"post_tag","embeddable":true,"href":"https:\/\/carmengsomavilla.com\/index.php\/wp-json\/wp\/v2\/tags?post=475"}],"curies":[{"name":"wp","href":"https:\/\/api.w.org\/{rel}","templated":true}]}}