{"id":479,"date":"2022-07-24T10:06:18","date_gmt":"2022-07-24T10:06:18","guid":{"rendered":"https:\/\/carmengsomavilla.com\/?p=479"},"modified":"2022-07-27T15:47:17","modified_gmt":"2022-07-27T15:47:17","slug":"poco-dos-negros","status":"publish","type":"post","link":"https:\/\/carmengsomavilla.com\/index.php\/2022\/07\/24\/poco-dos-negros\/","title":{"rendered":"Po\u00e7o dos negros"},"content":{"rendered":"\t\t<div data-elementor-type=\"wp-post\" data-elementor-id=\"479\" class=\"elementor elementor-479\">\n\t\t\t\t\t\t<section class=\"elementor-section elementor-top-section elementor-element elementor-element-8666196 elementor-section-stretched elementor-section-boxed elementor-section-height-default elementor-section-height-default\" data-id=\"8666196\" data-element_type=\"section\" data-settings=\"{&quot;stretch_section&quot;:&quot;section-stretched&quot;}\">\n\t\t\t\t\t\t<div class=\"elementor-container elementor-column-gap-default\">\n\t\t\t\t\t<div class=\"elementor-column elementor-col-100 elementor-top-column elementor-element elementor-element-59893bd\" data-id=\"59893bd\" data-element_type=\"column\">\n\t\t\t<div class=\"elementor-widget-wrap elementor-element-populated\">\n\t\t\t\t\t\t<div class=\"elementor-element elementor-element-def7780 elementor-widget__width-inherit elementor-widget elementor-widget-text-editor\" data-id=\"def7780\" data-element_type=\"widget\" data-widget_type=\"text-editor.default\">\n\t\t\t\t<div class=\"elementor-widget-container\">\n\t\t\t<style>\/*! elementor - v3.20.0 - 20-03-2024 *\/\n.elementor-widget-text-editor.elementor-drop-cap-view-stacked .elementor-drop-cap{background-color:#69727d;color:#fff}.elementor-widget-text-editor.elementor-drop-cap-view-framed .elementor-drop-cap{color:#69727d;border:3px solid;background-color:transparent}.elementor-widget-text-editor:not(.elementor-drop-cap-view-default) .elementor-drop-cap{margin-top:8px}.elementor-widget-text-editor:not(.elementor-drop-cap-view-default) .elementor-drop-cap-letter{width:1em;height:1em}.elementor-widget-text-editor .elementor-drop-cap{float:left;text-align:center;line-height:1;font-size:50px}.elementor-widget-text-editor .elementor-drop-cap-letter{display:inline-block}<\/style>\t\t\t\t<p><strong><a title=\"dise\u00f1o-grafico\" href=\"https:\/\/carmengsomavilla.com\/index.php\/ilustracion\/\">&lt;&lt; Ilustraci\u00f3n<\/a><\/strong><\/p>\t\t\t\t\t\t<\/div>\n\t\t\t\t<\/div>\n\t\t\t\t\t<\/div>\n\t\t<\/div>\n\t\t\t\t\t<\/div>\n\t\t<\/section>\n\t\t\t\t<section class=\"elementor-section elementor-top-section elementor-element elementor-element-d3a7709 elementor-section-stretched elementor-reverse-mobile elementor-section-boxed elementor-section-height-default elementor-section-height-default\" data-id=\"d3a7709\" data-element_type=\"section\" data-settings=\"{&quot;stretch_section&quot;:&quot;section-stretched&quot;}\">\n\t\t\t\t\t\t<div class=\"elementor-container elementor-column-gap-default\">\n\t\t\t\t\t<div class=\"elementor-column elementor-col-33 elementor-top-column elementor-element elementor-element-0b1bbeb\" data-id=\"0b1bbeb\" data-element_type=\"column\">\n\t\t\t<div class=\"elementor-widget-wrap elementor-element-populated\">\n\t\t\t\t\t\t<div class=\"elementor-element elementor-element-b675a21 elementor-hidden-mobile elementor-widget elementor-widget-sidebar\" data-id=\"b675a21\" data-element_type=\"widget\" data-widget_type=\"sidebar.default\">\n\t\t\t\t<div class=\"elementor-widget-container\">\n\t\t\t<aside id=\"block-21\" class=\"widget widget_block\">\n<div class=\"wp-block-group is-layout-flow wp-block-group-is-layout-flow\"><div class=\"wp-block-group__inner-container\">\n<pre class=\"wp-block-preformatted has-ast-global-color-7-color has-ast-global-color-5-background-color has-text-color has-background has-small-font-size\"><strong>Otros proyectos<\/strong>\n\n<a href=\"https:\/\/carmengsomavilla.com\/index.php\/2022\/09\/20\/verano-2022\/\">verano 2022<\/a>\n<a href=\"https:\/\/carmengsomavilla.com\/index.php\/2022\/07\/24\/jila-cultural\/\">Jila cultural<\/a>\n<a href=\"https:\/\/carmengsomavilla.com\/index.php\/2022\/08\/11\/6-relatos-portuarios\/\">Seis relatos portuarios<\/a>\n<a href=\"https:\/\/carmengsomavilla.com\/index.php\/2022\/07\/24\/daniel\/\">Daniel<\/a>\n<a href=\"https:\/\/carmengsomavilla.com\/index.php\/2022\/07\/24\/paisajes\/\">Paisajes<\/a>\n<a href=\"https:\/\/carmengsomavilla.com\/index.php\/2022\/07\/24\/preguntas-existenciales\/\">Preguntas existenciales<\/a>\n<a href=\"https:\/\/carmengsomavilla.com\/index.php\/2022\/07\/24\/diario-cairota\/\">Diario Cairota<\/a>\n<a href=\"https:\/\/carmengsomavilla.com\/index.php\/2022\/07\/24\/muerte\/\">Muerte<\/a>\n<a href=\"https:\/\/carmengsomavilla.com\/index.php\/2022\/07\/24\/cuarentena\/\">Cuarentena<\/a>\n<a href=\"https:\/\/carmengsomavilla.com\/index.php\/2022\/07\/24\/casitas\/\">Casitas<\/a>\n<a href=\"https:\/\/carmengsomavilla.com\/index.php\/2022\/07\/24\/poco-dos-negros\/\">Po\u00e7o dos negros<\/a>\n<a href=\"https:\/\/carmengsomavilla.com\/index.php\/2022\/07\/24\/la-vidriera\/\">La vidriera<\/a>\n<a href=\"https:\/\/carmengsomavilla.com\/index.php\/2022\/07\/24\/inktober\/\">Inktober<\/a>\n<a href=\"https:\/\/carmengsomavilla.com\/index.php\/2022\/07\/24\/donde-escapa-la-luz\/\">Donde escapa la luz<\/a>\n<a href=\"https:\/\/carmengsomavilla.com\/index.php\/2022\/07\/24\/flores-de-temporada\/\">Flores de temporada<\/a>\n<a href=\"https:\/\/carmengsomavilla.com\/index.php\/2022\/07\/24\/un-ano\/\">Un a\u00f1o<\/a>\n<a href=\"https:\/\/carmengsomavilla.com\/index.php\/2022\/08\/11\/carton-y-estraza-2\/\">Cart\u00f3n y estraza<\/a>\n<a href=\"https:\/\/carmengsomavilla.com\/index.php\/2022\/07\/24\/amberes\/\">Amberes<\/a>\n<a href=\"https:\/\/carmengsomavilla.com\/index.php\/2022\/07\/24\/acari\/\">Acari<\/a>\n<a href=\"https:\/\/carmengsomavilla.com\/index.php\/2022\/07\/24\/los-ilusos\/\">Los ilusos<\/a>\n<a href=\"https:\/\/carmengsomavilla.com\/index.php\/2022\/07\/24\/pequeno-rock-and-roll\/\">Peque\u00f1o Rock and Roll<\/a>\n<a href=\"https:\/\/carmengsomavilla.com\/index.php\/2022\/07\/24\/el-cuervo-mira-el-cuervo\/\">El cuervo mira el cuervo<\/a><\/pre>\n<\/div><\/div>\n<\/aside><aside id=\"block-25\" class=\"widget widget_block\">\n<div class=\"wp-block-columns alignfull is-layout-flex wp-container-core-columns-layout-1 wp-block-columns-is-layout-flex\">\n<div class=\"wp-block-column is-layout-flow wp-block-column-is-layout-flow\" style=\"flex-basis:100%\"><div class=\"widget widget_nav_menu\"><nav class=\"menu-legal-container\" aria-label=\"Men\u00fa\"><ul id=\"menu-legal\" class=\"menu\"><li id=\"menu-item-2427\" class=\"menu-item menu-item-type-post_type menu-item-object-wpautoterms_page menu-item-2427\"><a href=\"https:\/\/carmengsomavilla.com\/index.php\/wpautoterms\/politica-de-cookies\/\" class=\"menu-link\">Pol\u00edtica de Cookies<\/a><\/li>\n<li id=\"menu-item-2428\" class=\"menu-item menu-item-type-post_type menu-item-object-wpautoterms_page menu-item-2428\"><a href=\"https:\/\/carmengsomavilla.com\/index.php\/wpautoterms\/politica-privacidad\/\" class=\"menu-link\">Pol\u00edtica de privacidad<\/a><\/li>\n<\/ul><\/nav><\/div><\/div>\n<\/div>\n<\/aside>\t\t<\/div>\n\t\t\t\t<\/div>\n\t\t\t\t\t<\/div>\n\t\t<\/div>\n\t\t\t\t<div class=\"elementor-column elementor-col-33 elementor-top-column elementor-element elementor-element-5baeb10\" data-id=\"5baeb10\" data-element_type=\"column\">\n\t\t\t<div class=\"elementor-widget-wrap elementor-element-populated\">\n\t\t\t\t\t\t<div class=\"elementor-element elementor-element-e7acc7e elementor-widget elementor-widget-text-editor\" data-id=\"e7acc7e\" data-element_type=\"widget\" data-widget_type=\"text-editor.default\">\n\t\t\t\t<div class=\"elementor-widget-container\">\n\t\t\t\t\t\t\t<p><strong>Po\u00e7o dos Negros.<\/strong><\/p><p>Santander, 2020.<\/p><p>\u00a0<\/p><p>Ilustraci\u00f3n y dise\u00f1o de cartel con t\u00e9cnica mixta tradicional y digital, para el concierto de <a href=\"https:\/\/open.spotify.com\/artist\/0HvYtElhKEK5oD96A6wLIT\">Po\u00e7o dos Negros<\/a> en la sala de conciertos <a href=\"https:\/\/rock-beer-the-new.negocio.site\/\">Rock Beer the New<\/a> de Santander\u00a0<\/p><p>Serie de ilustraciones realizadas con t\u00e9cnica tradicional de gouache para aplicar en sucesivos carteles y publicaciones en Redes Sociales anunciadoras de conciertos y eventos del m\u00fasico santanderino.<\/p>\t\t\t\t\t\t<\/div>\n\t\t\t\t<\/div>\n\t\t\t\t\t<\/div>\n\t\t<\/div>\n\t\t\t\t<div class=\"elementor-column elementor-col-33 elementor-top-column elementor-element elementor-element-347036c\" data-id=\"347036c\" data-element_type=\"column\">\n\t\t\t<div class=\"elementor-widget-wrap elementor-element-populated\">\n\t\t\t\t\t\t<div class=\"elementor-element elementor-element-649c69e elementor-widget elementor-widget-image\" data-id=\"649c69e\" data-element_type=\"widget\" data-widget_type=\"image.default\">\n\t\t\t\t<div class=\"elementor-widget-container\">\n\t\t\t<style>\/*! elementor - v3.20.0 - 20-03-2024 *\/\n.elementor-widget-image{text-align:center}.elementor-widget-image a{display:inline-block}.elementor-widget-image a img[src$=\".svg\"]{width:48px}.elementor-widget-image img{vertical-align:middle;display:inline-block}<\/style>\t\t\t\t\t\t\t\t\t\t<img fetchpriority=\"high\" decoding=\"async\" width=\"819\" height=\"1024\" src=\"https:\/\/carmengsomavilla.com\/wp-content\/uploads\/2022\/07\/IG_31-10_01_mensajes-819x1024.jpg\" class=\"attachment-large size-large wp-image-574\" alt=\"\" srcset=\"https:\/\/carmengsomavilla.com\/wp-content\/uploads\/2022\/07\/IG_31-10_01_mensajes-819x1024.jpg 819w, https:\/\/carmengsomavilla.com\/wp-content\/uploads\/2022\/07\/IG_31-10_01_mensajes-240x300.jpg 240w, https:\/\/carmengsomavilla.com\/wp-content\/uploads\/2022\/07\/IG_31-10_01_mensajes-768x960.jpg 768w, https:\/\/carmengsomavilla.com\/wp-content\/uploads\/2022\/07\/IG_31-10_01_mensajes.jpg 1080w\" sizes=\"(max-width: 819px) 100vw, 819px\" \/>\t\t\t\t\t\t\t\t\t\t\t\t\t<\/div>\n\t\t\t\t<\/div>\n\t\t\t\t\t<\/div>\n\t\t<\/div>\n\t\t\t\t\t<\/div>\n\t\t<\/section>\n\t\t\t\t<section class=\"elementor-section elementor-top-section elementor-element elementor-element-fb7e9e9 elementor-section-stretched elementor-section-boxed elementor-section-height-default elementor-section-height-default\" data-id=\"fb7e9e9\" data-element_type=\"section\" data-settings=\"{&quot;stretch_section&quot;:&quot;section-stretched&quot;}\">\n\t\t\t\t\t\t<div class=\"elementor-container elementor-column-gap-default\">\n\t\t\t\t\t<div class=\"elementor-column elementor-col-100 elementor-top-column elementor-element elementor-element-da10361\" data-id=\"da10361\" data-element_type=\"column\">\n\t\t\t<div class=\"elementor-widget-wrap elementor-element-populated\">\n\t\t\t\t\t\t<div class=\"elementor-element elementor-element-87c1de6 gallery-spacing-custom elementor-widget elementor-widget-image-gallery\" data-id=\"87c1de6\" data-element_type=\"widget\" data-widget_type=\"image-gallery.default\">\n\t\t\t\t<div class=\"elementor-widget-container\">\n\t\t\t<style>\/*! elementor - v3.20.0 - 20-03-2024 *\/\n.elementor-image-gallery .gallery-item{display:inline-block;text-align:center;vertical-align:top;width:100%;max-width:100%;margin:0 auto}.elementor-image-gallery .gallery-item img{margin:0 auto}.elementor-image-gallery .gallery-item .gallery-caption{margin:0}.elementor-image-gallery figure img{display:block}.elementor-image-gallery figure figcaption{width:100%}.gallery-spacing-custom .elementor-image-gallery .gallery-icon{padding:0}@media (min-width:768px){.elementor-image-gallery .gallery-columns-2 .gallery-item{max-width:50%}.elementor-image-gallery .gallery-columns-3 .gallery-item{max-width:33.33%}.elementor-image-gallery .gallery-columns-4 .gallery-item{max-width:25%}.elementor-image-gallery .gallery-columns-5 .gallery-item{max-width:20%}.elementor-image-gallery .gallery-columns-6 .gallery-item{max-width:16.666%}.elementor-image-gallery .gallery-columns-7 .gallery-item{max-width:14.28%}.elementor-image-gallery .gallery-columns-8 .gallery-item{max-width:12.5%}.elementor-image-gallery .gallery-columns-9 .gallery-item{max-width:11.11%}.elementor-image-gallery .gallery-columns-10 .gallery-item{max-width:10%}}@media (min-width:480px) and (max-width:767px){.elementor-image-gallery .gallery.gallery-columns-2 .gallery-item,.elementor-image-gallery .gallery.gallery-columns-3 .gallery-item,.elementor-image-gallery .gallery.gallery-columns-4 .gallery-item,.elementor-image-gallery .gallery.gallery-columns-5 .gallery-item,.elementor-image-gallery .gallery.gallery-columns-6 .gallery-item,.elementor-image-gallery .gallery.gallery-columns-7 .gallery-item,.elementor-image-gallery .gallery.gallery-columns-8 .gallery-item,.elementor-image-gallery .gallery.gallery-columns-9 .gallery-item,.elementor-image-gallery .gallery.gallery-columns-10 .gallery-item{max-width:50%}}@media (max-width:479px){.elementor-image-gallery .gallery.gallery-columns-2 .gallery-item,.elementor-image-gallery .gallery.gallery-columns-3 .gallery-item,.elementor-image-gallery .gallery.gallery-columns-4 .gallery-item,.elementor-image-gallery .gallery.gallery-columns-5 .gallery-item,.elementor-image-gallery .gallery.gallery-columns-6 .gallery-item,.elementor-image-gallery .gallery.gallery-columns-7 .gallery-item,.elementor-image-gallery .gallery.gallery-columns-8 .gallery-item,.elementor-image-gallery .gallery.gallery-columns-9 .gallery-item,.elementor-image-gallery .gallery.gallery-columns-10 .gallery-item{max-width:100%}}<\/style>\t\t<div class=\"elementor-image-gallery\">\n\t\t\t<div id='gallery-1' class='gallery galleryid-479 gallery-columns-7 gallery-size-medium'><figure class='gallery-item'>\n\t\t\t<div class='gallery-icon portrait'>\n\t\t\t\t<a data-elementor-open-lightbox=\"yes\" data-elementor-lightbox-slideshow=\"87c1de6\" data-elementor-lightbox-title=\"Po\u00e7o dos negros III\" data-e-action-hash=\"#elementor-action%3Aaction%3Dlightbox%26settings%3DeyJpZCI6NTc1LCJ1cmwiOiJodHRwczpcL1wvY2FybWVuZ3NvbWF2aWxsYS5jb21cL3dwLWNvbnRlbnRcL3VwbG9hZHNcLzIwMjJcLzA3XC8wMS0yLmpwZyIsInNsaWRlc2hvdyI6Ijg3YzFkZTYifQ%3D%3D\" href='https:\/\/carmengsomavilla.com\/wp-content\/uploads\/2022\/07\/01-2.jpg'><img decoding=\"async\" width=\"213\" height=\"300\" src=\"https:\/\/carmengsomavilla.com\/wp-content\/uploads\/2022\/07\/01-2-213x300.jpg\" class=\"attachment-medium size-medium\" alt=\"\" srcset=\"https:\/\/carmengsomavilla.com\/wp-content\/uploads\/2022\/07\/01-2-213x300.jpg 213w, https:\/\/carmengsomavilla.com\/wp-content\/uploads\/2022\/07\/01-2-727x1024.jpg 727w, https:\/\/carmengsomavilla.com\/wp-content\/uploads\/2022\/07\/01-2-768x1081.jpg 768w, https:\/\/carmengsomavilla.com\/wp-content\/uploads\/2022\/07\/01-2-1091x1536.jpg 1091w, https:\/\/carmengsomavilla.com\/wp-content\/uploads\/2022\/07\/01-2.jpg 1246w\" sizes=\"(max-width: 213px) 100vw, 213px\" \/><\/a>\n\t\t\t<\/div><\/figure><figure class='gallery-item'>\n\t\t\t<div class='gallery-icon portrait'>\n\t\t\t\t<a data-elementor-open-lightbox=\"yes\" data-elementor-lightbox-slideshow=\"87c1de6\" data-elementor-lightbox-title=\"Po\u00e7o dos negros IV\" data-e-action-hash=\"#elementor-action%3Aaction%3Dlightbox%26settings%3DeyJpZCI6NTc2LCJ1cmwiOiJodHRwczpcL1wvY2FybWVuZ3NvbWF2aWxsYS5jb21cL3dwLWNvbnRlbnRcL3VwbG9hZHNcLzIwMjJcLzA3XC8wMi0yLmpwZyIsInNsaWRlc2hvdyI6Ijg3YzFkZTYifQ%3D%3D\" href='https:\/\/carmengsomavilla.com\/wp-content\/uploads\/2022\/07\/02-2.jpg'><img decoding=\"async\" width=\"213\" height=\"300\" src=\"https:\/\/carmengsomavilla.com\/wp-content\/uploads\/2022\/07\/02-2-213x300.jpg\" class=\"attachment-medium size-medium\" alt=\"\" srcset=\"https:\/\/carmengsomavilla.com\/wp-content\/uploads\/2022\/07\/02-2-213x300.jpg 213w, https:\/\/carmengsomavilla.com\/wp-content\/uploads\/2022\/07\/02-2-727x1024.jpg 727w, https:\/\/carmengsomavilla.com\/wp-content\/uploads\/2022\/07\/02-2-768x1081.jpg 768w, https:\/\/carmengsomavilla.com\/wp-content\/uploads\/2022\/07\/02-2-1091x1536.jpg 1091w, https:\/\/carmengsomavilla.com\/wp-content\/uploads\/2022\/07\/02-2.jpg 1246w\" sizes=\"(max-width: 213px) 100vw, 213px\" \/><\/a>\n\t\t\t<\/div><\/figure><figure class='gallery-item'>\n\t\t\t<div class='gallery-icon portrait'>\n\t\t\t\t<a data-elementor-open-lightbox=\"yes\" data-elementor-lightbox-slideshow=\"87c1de6\" data-elementor-lightbox-title=\"Po\u00e7o dos negros V\" data-e-action-hash=\"#elementor-action%3Aaction%3Dlightbox%26settings%3DeyJpZCI6NTc3LCJ1cmwiOiJodHRwczpcL1wvY2FybWVuZ3NvbWF2aWxsYS5jb21cL3dwLWNvbnRlbnRcL3VwbG9hZHNcLzIwMjJcLzA3XC8wMy0xLmpwZyIsInNsaWRlc2hvdyI6Ijg3YzFkZTYifQ%3D%3D\" href='https:\/\/carmengsomavilla.com\/wp-content\/uploads\/2022\/07\/03-1.jpg'><img loading=\"lazy\" decoding=\"async\" width=\"213\" height=\"300\" src=\"https:\/\/carmengsomavilla.com\/wp-content\/uploads\/2022\/07\/03-1-213x300.jpg\" class=\"attachment-medium size-medium\" alt=\"\" srcset=\"https:\/\/carmengsomavilla.com\/wp-content\/uploads\/2022\/07\/03-1-213x300.jpg 213w, https:\/\/carmengsomavilla.com\/wp-content\/uploads\/2022\/07\/03-1-727x1024.jpg 727w, https:\/\/carmengsomavilla.com\/wp-content\/uploads\/2022\/07\/03-1-768x1081.jpg 768w, https:\/\/carmengsomavilla.com\/wp-content\/uploads\/2022\/07\/03-1-1091x1536.jpg 1091w, https:\/\/carmengsomavilla.com\/wp-content\/uploads\/2022\/07\/03-1.jpg 1246w\" sizes=\"(max-width: 213px) 100vw, 213px\" \/><\/a>\n\t\t\t<\/div><\/figure><figure class='gallery-item'>\n\t\t\t<div class='gallery-icon portrait'>\n\t\t\t\t<a data-elementor-open-lightbox=\"yes\" data-elementor-lightbox-slideshow=\"87c1de6\" data-elementor-lightbox-title=\"Po\u00e7o dos negros VI\" data-e-action-hash=\"#elementor-action%3Aaction%3Dlightbox%26settings%3DeyJpZCI6NTc4LCJ1cmwiOiJodHRwczpcL1wvY2FybWVuZ3NvbWF2aWxsYS5jb21cL3dwLWNvbnRlbnRcL3VwbG9hZHNcLzIwMjJcLzA3XC8wNC5qcGciLCJzbGlkZXNob3ciOiI4N2MxZGU2In0%3D\" href='https:\/\/carmengsomavilla.com\/wp-content\/uploads\/2022\/07\/04.jpg'><img loading=\"lazy\" decoding=\"async\" width=\"213\" height=\"300\" src=\"https:\/\/carmengsomavilla.com\/wp-content\/uploads\/2022\/07\/04-213x300.jpg\" class=\"attachment-medium size-medium\" alt=\"\" srcset=\"https:\/\/carmengsomavilla.com\/wp-content\/uploads\/2022\/07\/04-213x300.jpg 213w, https:\/\/carmengsomavilla.com\/wp-content\/uploads\/2022\/07\/04-727x1024.jpg 727w, https:\/\/carmengsomavilla.com\/wp-content\/uploads\/2022\/07\/04-768x1081.jpg 768w, https:\/\/carmengsomavilla.com\/wp-content\/uploads\/2022\/07\/04-1091x1536.jpg 1091w, https:\/\/carmengsomavilla.com\/wp-content\/uploads\/2022\/07\/04.jpg 1246w\" sizes=\"(max-width: 213px) 100vw, 213px\" \/><\/a>\n\t\t\t<\/div><\/figure><figure class='gallery-item'>\n\t\t\t<div class='gallery-icon portrait'>\n\t\t\t\t<a data-elementor-open-lightbox=\"yes\" data-elementor-lightbox-slideshow=\"87c1de6\" data-elementor-lightbox-title=\"Po\u00e7o dos negros VII\" data-e-action-hash=\"#elementor-action%3Aaction%3Dlightbox%26settings%3DeyJpZCI6NTc5LCJ1cmwiOiJodHRwczpcL1wvY2FybWVuZ3NvbWF2aWxsYS5jb21cL3dwLWNvbnRlbnRcL3VwbG9hZHNcLzIwMjJcLzA3XC8wNS5qcGciLCJzbGlkZXNob3ciOiI4N2MxZGU2In0%3D\" href='https:\/\/carmengsomavilla.com\/wp-content\/uploads\/2022\/07\/05.jpg'><img loading=\"lazy\" decoding=\"async\" width=\"213\" height=\"300\" src=\"https:\/\/carmengsomavilla.com\/wp-content\/uploads\/2022\/07\/05-213x300.jpg\" class=\"attachment-medium size-medium\" alt=\"\" srcset=\"https:\/\/carmengsomavilla.com\/wp-content\/uploads\/2022\/07\/05-213x300.jpg 213w, https:\/\/carmengsomavilla.com\/wp-content\/uploads\/2022\/07\/05-727x1024.jpg 727w, https:\/\/carmengsomavilla.com\/wp-content\/uploads\/2022\/07\/05-768x1081.jpg 768w, https:\/\/carmengsomavilla.com\/wp-content\/uploads\/2022\/07\/05-1091x1536.jpg 1091w, https:\/\/carmengsomavilla.com\/wp-content\/uploads\/2022\/07\/05.jpg 1246w\" sizes=\"(max-width: 213px) 100vw, 213px\" \/><\/a>\n\t\t\t<\/div><\/figure><figure class='gallery-item'>\n\t\t\t<div class='gallery-icon portrait'>\n\t\t\t\t<a data-elementor-open-lightbox=\"yes\" data-elementor-lightbox-slideshow=\"87c1de6\" data-elementor-lightbox-title=\"Po\u00e7o dos negros VIII\" data-e-action-hash=\"#elementor-action%3Aaction%3Dlightbox%26settings%3DeyJpZCI6NTgwLCJ1cmwiOiJodHRwczpcL1wvY2FybWVuZ3NvbWF2aWxsYS5jb21cL3dwLWNvbnRlbnRcL3VwbG9hZHNcLzIwMjJcLzA3XC8wNi5qcGciLCJzbGlkZXNob3ciOiI4N2MxZGU2In0%3D\" href='https:\/\/carmengsomavilla.com\/wp-content\/uploads\/2022\/07\/06.jpg'><img loading=\"lazy\" decoding=\"async\" width=\"213\" height=\"300\" src=\"https:\/\/carmengsomavilla.com\/wp-content\/uploads\/2022\/07\/06-213x300.jpg\" class=\"attachment-medium size-medium\" alt=\"\" srcset=\"https:\/\/carmengsomavilla.com\/wp-content\/uploads\/2022\/07\/06-213x300.jpg 213w, https:\/\/carmengsomavilla.com\/wp-content\/uploads\/2022\/07\/06-727x1024.jpg 727w, https:\/\/carmengsomavilla.com\/wp-content\/uploads\/2022\/07\/06-768x1081.jpg 768w, https:\/\/carmengsomavilla.com\/wp-content\/uploads\/2022\/07\/06-1091x1536.jpg 1091w, https:\/\/carmengsomavilla.com\/wp-content\/uploads\/2022\/07\/06.jpg 1246w\" sizes=\"(max-width: 213px) 100vw, 213px\" \/><\/a>\n\t\t\t<\/div><\/figure><figure class='gallery-item'>\n\t\t\t<div class='gallery-icon portrait'>\n\t\t\t\t<a data-elementor-open-lightbox=\"yes\" data-elementor-lightbox-slideshow=\"87c1de6\" data-elementor-lightbox-title=\"Po\u00e7o dos negros\" data-e-action-hash=\"#elementor-action%3Aaction%3Dlightbox%26settings%3DeyJpZCI6NTcyLCJ1cmwiOiJodHRwczpcL1wvY2FybWVuZ3NvbWF2aWxsYS5jb21cL3dwLWNvbnRlbnRcL3VwbG9hZHNcLzIwMjJcLzA3XC9DYXJ0ZWwtUG9jby1zY2FsZWQuanBnIiwic2xpZGVzaG93IjoiODdjMWRlNiJ9\" href='https:\/\/carmengsomavilla.com\/wp-content\/uploads\/2022\/07\/Cartel-Poco-scaled.jpg'><img loading=\"lazy\" decoding=\"async\" width=\"212\" height=\"300\" src=\"https:\/\/carmengsomavilla.com\/wp-content\/uploads\/2022\/07\/Cartel-Poco-212x300.jpg\" class=\"attachment-medium size-medium\" alt=\"\" srcset=\"https:\/\/carmengsomavilla.com\/wp-content\/uploads\/2022\/07\/Cartel-Poco-212x300.jpg 212w, https:\/\/carmengsomavilla.com\/wp-content\/uploads\/2022\/07\/Cartel-Poco-724x1024.jpg 724w, https:\/\/carmengsomavilla.com\/wp-content\/uploads\/2022\/07\/Cartel-Poco-768x1086.jpg 768w, https:\/\/carmengsomavilla.com\/wp-content\/uploads\/2022\/07\/Cartel-Poco-1086x1536.jpg 1086w, https:\/\/carmengsomavilla.com\/wp-content\/uploads\/2022\/07\/Cartel-Poco-1448x2048.jpg 1448w, https:\/\/carmengsomavilla.com\/wp-content\/uploads\/2022\/07\/Cartel-Poco-scaled.jpg 1810w\" sizes=\"(max-width: 212px) 100vw, 212px\" \/><\/a>\n\t\t\t<\/div><\/figure>\n\t\t<\/div>\n\t\t<\/div>\n\t\t\t\t<\/div>\n\t\t\t\t<\/div>\n\t\t\t\t\t<\/div>\n\t\t<\/div>\n\t\t\t\t\t<\/div>\n\t\t<\/section>\n\t\t\t\t<\/div>\n\t\t","protected":false},"excerpt":{"rendered":"<p>&lt;&lt; Ilustraci\u00f3n Po\u00e7o dos Negros. Santander, 2020. \u00a0 Ilustraci\u00f3n y dise\u00f1o de cartel con t\u00e9cnica mixta tradicional y digital, para el concierto de Po\u00e7o dos Negros en la sala de conciertos Rock Beer the New de Santander\u00a0 Serie de ilustraciones realizadas con t\u00e9cnica tradicional de gouache para aplicar en sucesivos carteles y publicaciones en Redes &hellip;<\/p>\n<p class=\"read-more\"> <a class=\"\" href=\"https:\/\/carmengsomavilla.com\/index.php\/2022\/07\/24\/poco-dos-negros\/\"> <span class=\"screen-reader-text\">Po\u00e7o dos negros<\/span> Leer m\u00e1s &raquo;<\/a><\/p>\n","protected":false},"author":1,"featured_media":0,"comment_status":"closed","ping_status":"closed","sticky":false,"template":"elementor_header_footer","format":"standard","meta":{"om_disable_all_campaigns":false,"_monsterinsights_skip_tracking":false,"_monsterinsights_sitenote_active":false,"_monsterinsights_sitenote_note":"","_monsterinsights_sitenote_category":0,"site-sidebar-layout":"default","site-content-layout":"default","ast-main-header-display":"","ast-hfb-above-header-display":"","ast-hfb-below-header-display":"","ast-hfb-mobile-header-display":"","site-post-title":"","ast-breadcrumbs-content":"","ast-featured-img":"","footer-sml-layout":"","theme-transparent-header-meta":"","adv-header-id-meta":"","stick-header-meta":"","header-above-stick-meta":"","header-main-stick-meta":"","header-below-stick-meta":"","footnotes":""},"categories":[1],"tags":[],"aioseo_notices":[],"_links":{"self":[{"href":"https:\/\/carmengsomavilla.com\/index.php\/wp-json\/wp\/v2\/posts\/479"}],"collection":[{"href":"https:\/\/carmengsomavilla.com\/index.php\/wp-json\/wp\/v2\/posts"}],"about":[{"href":"https:\/\/carmengsomavilla.com\/index.php\/wp-json\/wp\/v2\/types\/post"}],"author":[{"embeddable":true,"href":"https:\/\/carmengsomavilla.com\/index.php\/wp-json\/wp\/v2\/users\/1"}],"replies":[{"embeddable":true,"href":"https:\/\/carmengsomavilla.com\/index.php\/wp-json\/wp\/v2\/comments?post=479"}],"version-history":[{"count":25,"href":"https:\/\/carmengsomavilla.com\/index.php\/wp-json\/wp\/v2\/posts\/479\/revisions"}],"predecessor-version":[{"id":1745,"href":"https:\/\/carmengsomavilla.com\/index.php\/wp-json\/wp\/v2\/posts\/479\/revisions\/1745"}],"wp:attachment":[{"href":"https:\/\/carmengsomavilla.com\/index.php\/wp-json\/wp\/v2\/media?parent=479"}],"wp:term":[{"taxonomy":"category","embeddable":true,"href":"https:\/\/carmengsomavilla.com\/index.php\/wp-json\/wp\/v2\/categories?post=479"},{"taxonomy":"post_tag","embeddable":true,"href":"https:\/\/carmengsomavilla.com\/index.php\/wp-json\/wp\/v2\/tags?post=479"}],"curies":[{"name":"wp","href":"https:\/\/api.w.org\/{rel}","templated":true}]}}